{"id":5211,"date":"2019-04-09T18:38:11","date_gmt":"2019-04-09T16:38:11","guid":{"rendered":"http:\/\/eldelperiodico.com\/?p=5211"},"modified":"2019-04-09T18:40:39","modified_gmt":"2019-04-09T16:40:39","slug":"5211","status":"publish","type":"post","link":"https:\/\/eldelperiodico.com\/index.php\/2019\/04\/09\/5211\/","title":{"rendered":"W ten spos\u00f3b Twoja twarz i cia\u0142o zmieniaj\u0105 si\u0119 od 30 roku \u017cycia"},"content":{"rendered":"<p><center><script async src=\"\/\/pagead2.googlesyndication.com\/pagead\/js\/adsbygoogle.js\"><span data-mce-type=\"bookmark\" style=\"display: inline-block; width: 0px; overflow: hidden; line-height: 0;\" class=\"mce_SELRES_start\">\ufeff<\/span><span data-mce-type=\"bookmark\" style=\"display: inline-block; width: 0px; overflow: hidden; line-height: 0;\" class=\"mce_SELRES_start\">\ufeff<\/span><\/script><br \/>\n<!-- Bajo titulo --><br \/>\n<ins class=\"adsbygoogle\" style=\"display: inline-block; width: 300px; height: 250px;\" data-ad-client=\"ca-pub-1293345640336555\" data-ad-slot=\"9702925703\"><\/ins><br \/>\n<script>\n(adsbygoogle = window.adsbygoogle || []).push({});\n<\/script><\/center>Zdrowie naszej sk\u00f3ry zale\u017cy od wielu czynnik\u00f3w. Mo\u017cna u\u017cywa\u0107 produkt\u00f3w zawieraj\u0105cych witaminy C i E, a nawet kwasu hialuronowego, aby lepiej wygl\u0105da\u0107. Bardzo wa\u017cne jest jednak stosowanie produkt\u00f3w ochrony przeciws\u0142onecznej i spo\u017cywanie zdrowej \u017cywno\u015bci. Jednak nasza masa kostna zmienia si\u0119 w czasie i wp\u0142ywaj\u0105 na ni\u0105 zmiany hormonalne. Chcesz wiedzie\u0107, jak zmieniamy si\u0119 od 30 roku \u017cycia?<\/p>\n<p><img decoding=\"async\" src=\"https:\/\/www.blushnwo.com\/wp-content\/uploads\/2019\/01\/AdobeStock_75068359-min-1024x727.jpeg\" alt=\"Imagen relacionada\" \/><\/p>\n<p><center><script async src=\"\/\/pagead2.googlesyndication.com\/pagead\/js\/adsbygoogle.js\"><\/script><br \/>\n<!-- En medio del texto --><br \/>\n<ins class=\"adsbygoogle\" style=\"display: inline-block; width: 300px; height: 600px;\" data-ad-client=\"ca-pub-1293345640336555\" data-ad-slot=\"8908718786\"><\/ins><br \/>\n<script>\n(adsbygoogle = window.adsbygoogle || []).push({});\n<\/script><\/center>&nbsp;<\/p>\n<p>Czynniki zwi\u0105zane z procesem starzenia si\u0119<\/p>\n<p>W miar\u0119 up\u0142ywu czasu sk\u00f3ra staje si\u0119 mniej elastyczna i trzeba zacz\u0105\u0107 si\u0119 ni\u0105 opiekowa\u0107 poprzez kremy lub plastry, a tak\u017ce inne procedury, takie jak mezoterapia, aby spr\u00f3bowa\u0107 j\u0105 poprawi\u0107. Jednak pojawienie si\u0119 zmarszczek nie zale\u017cy tylko od sk\u00f3ry, ale tak\u017ce od innych g\u0142\u0119bszych sk\u0142adnik\u00f3w strukturalnych, takich jak z\u0142ogi t\u0142uszczu, tkanki mi\u0119kkie i czaszka, kt\u00f3ra podlega resorpcji ko\u015bci. Aby zatrzyma\u0107 starzenie si\u0119, konieczne jest zrozumienie, jak to dzia\u0142a.<\/p>\n<p>Zmiany w naszym ciele i twarzy<\/p>\n<p>Tkanka kostna jest stopniowo niszczona. Ko\u015bci s\u0105 odnawiane przez ca\u0142e \u017cycie, ale po uko\u0144czeniu 35-40 roku \u017cycia rozpoczyna si\u0119 proces niszczenia, kt\u00f3ry dominuje nad wzrostem.<\/p>\n<p><script async src=\"\/\/pagead2.googlesyndication.com\/pagead\/js\/adsbygoogle.js\"><\/script><br \/>\n<!-- encima slider --><br \/>\n<ins class=\"adsbygoogle\" style=\"display: inline-block; width: 728px; height: 90px;\" data-ad-client=\"ca-pub-1293345640336555\" data-ad-slot=\"8537205420\"><\/ins><br \/>\n<script>\n(adsbygoogle = window.adsbygoogle || []).push({});\n<\/script><br \/>\n<!--nextpage--><\/p>\n<p><center><script async src=\"\/\/pagead2.googlesyndication.com\/pagead\/js\/adsbygoogle.js\"><span data-mce-type=\"bookmark\" style=\"display: inline-block; width: 0px; overflow: hidden; line-height: 0;\" class=\"mce_SELRES_start\">\ufeff<\/span><span data-mce-type=\"bookmark\" style=\"display: inline-block; width: 0px; overflow: hidden; line-height: 0;\" class=\"mce_SELRES_start\">\ufeff<\/span><\/script><br \/>\n<!-- Bajo titulo --><br \/>\n<ins class=\"adsbygoogle\" style=\"display: inline-block; width: 300px; height: 250px;\" data-ad-client=\"ca-pub-1293345640336555\" data-ad-slot=\"9702925703\"><\/ins><br \/>\n<script>\n(adsbygoogle = window.adsbygoogle || []).push({});\n<\/script><\/center><br \/>\nZ wiekiem szkielet staje si\u0119 coraz bardziej kruchy i wi\u0119kszy. Nie id\u0105c dalej, ko\u015bci miednicy rosn\u0105 a\u017c do 25 lub 30 roku \u017cycia, kiedy to cia\u0142o przygotowuje si\u0119 do dawania \u017cycia. Po 40 roku \u017cycia miednica staje si\u0119 w\u0119\u017csza i w\u0119\u017csza.<\/p>\n<p><img decoding=\"async\" src=\"http:\/\/www.besame.cr\/wp-content\/uploads\/2016\/03\/etapas-de-la-vida-hombre.jpg\" alt=\"Imagen relacionada\" \/><\/p>\n<p>Resorpcja ko\u015bci ma miejsce i mo\u017ce mie\u0107 wp\u0142yw na czaszk\u0119 na r\u00f3\u017cne sposoby: zmniejszona wysoko\u015b\u0107 twarzy zwi\u0105zana z utrat\u0105 z\u0119ba, wzrost wyeksponowania ko\u015bci, poszerzenie dolnej szcz\u0119ki, orbity kostne staj\u0105 si\u0119 wi\u0119ksze, tak jak nos. Wszystkie te zmiany s\u0105 zwi\u0105zane ze zmianami w tkankach mi\u0119kkich pod sk\u00f3r\u0105 i utrat\u0105 elastyczno\u015bci. Ale jest to g\u0142\u00f3wnie zwi\u0105zane z z\u0119bami i zdrowiem.<\/p>\n<p>Ko\u015bciste orbity, g\u0142\u00f3wnie ich wewn\u0119trzne i zewn\u0119trzne naro\u017cniki, staj\u0105 si\u0119 wi\u0119ksze. Z tego powodu brwi s\u0105 uniesione, a kurze \u0142apy s\u0105 obecne. Jednocze\u015bnie, jest wielu ludzi, kt\u00f3rzy uwa\u017caj\u0105, \u017ce windy twarzy s\u0105 pomoc\u0105 w spowalnianiu starzenia si\u0119, co nie do ko\u0144ca jest prawd\u0105.<\/p>\n<p><script async src=\"\/\/pagead2.googlesyndication.com\/pagead\/js\/adsbygoogle.js\"><\/script><br \/>\n<!-- encima slider --><br \/>\n<ins class=\"adsbygoogle\" style=\"display: inline-block; width: 728px; height: 90px;\" data-ad-client=\"ca-pub-1293345640336555\" data-ad-slot=\"8537205420\"><\/ins><br \/>\n<script>\n(adsbygoogle = window.adsbygoogle || []).push({});\n<\/script><br \/>\n<!--nextpage--><\/p>\n<p><center><script async src=\"\/\/pagead2.googlesyndication.com\/pagead\/js\/adsbygoogle.js\"><span data-mce-type=\"bookmark\" style=\"display: inline-block; width: 0px; overflow: hidden; line-height: 0;\" class=\"mce_SELRES_start\">\ufeff<\/span><span data-mce-type=\"bookmark\" style=\"display: inline-block; width: 0px; overflow: hidden; line-height: 0;\" class=\"mce_SELRES_start\">\ufeff<\/span><\/script><br \/>\n<!-- Bajo titulo --><br \/>\n<ins class=\"adsbygoogle\" style=\"display: inline-block; width: 300px; height: 250px;\" data-ad-client=\"ca-pub-1293345640336555\" data-ad-slot=\"9702925703\"><\/ins><br \/>\n<script>\n(adsbygoogle = window.adsbygoogle || []).push({});\n<\/script><\/center><\/p>\n<h2>Zrozumienie, jak dzia\u0142a szkielet<\/h2>\n<p><img decoding=\"async\" src=\"https:\/\/www.segundomedico.com\/wp-content\/uploads\/2015\/11\/riesgo-de-radiaci%C3%B3n-proveniente-de-esc%C3%A1ner-o-TAC-640x360.jpg\" alt=\"Resultado de imagen de escaner humano\" \/><\/p>\n<p>Nowoczesne technologie umo\u017cliwi\u0142y post\u0119p w tym kierunku, a naukowcy lepiej rozumiej\u0105, jak dzia\u0142a i zmienia si\u0119 szkielet twarzy, a tak\u017ce obszary podatne na resorpcj\u0119. Nie chodzi o lifting twarzy, ale o skorygowanie szkieletu, kt\u00f3rego g\u0142\u00f3wnym celem jest zatrzymanie procesu reabsorpcji i wyeliminowanie czynnik\u00f3w przyspieszaj\u0105cych zniszczenie.<\/p>\n<p>Obecne procedury nie czyni\u0105 cud\u00f3w i nie mo\u017cna ufa\u0107 ich fa\u0142szywym obietnicom. Nie mo\u017cna mie\u0107 m\u0142odej, \u015bwie\u017cej sk\u00f3ry, takiej jak ta, kt\u00f3r\u0105 mieli\u015bmy w wieku 15 czy 20 lat. To, co musisz zrobi\u0107, to zwr\u00f3ci\u0107 si\u0119 do ekspert\u00f3w, kt\u00f3rzy znaj\u0105 cechy twarzy starzej\u0105cych si\u0119, aby nie wp\u0142ywa\u0142y one na Twoje zdrowie.<\/p>\n<p><script async src=\"\/\/pagead2.googlesyndication.com\/pagead\/js\/adsbygoogle.js\"><\/script><br \/>\n<!-- encima slider --><br \/>\n<ins class=\"adsbygoogle\" style=\"display: inline-block; width: 728px; height: 90px;\" data-ad-client=\"ca-pub-1293345640336555\" data-ad-slot=\"8537205420\"><\/ins><br \/>\n<script>\n(adsbygoogle = window.adsbygoogle || []).push({});\n<\/script><br \/>\n<!--nextpage--><\/p>\n<p><center><script async src=\"\/\/pagead2.googlesyndication.com\/pagead\/js\/adsbygoogle.js\"><span data-mce-type=\"bookmark\" style=\"display: inline-block; width: 0px; overflow: hidden; line-height: 0;\" class=\"mce_SELRES_start\">\ufeff<\/span><span data-mce-type=\"bookmark\" style=\"display: inline-block; width: 0px; overflow: hidden; line-height: 0;\" class=\"mce_SELRES_start\">\ufeff<\/span><\/script><br \/>\n<!-- Bajo titulo --><br \/>\n<ins class=\"adsbygoogle\" style=\"display: inline-block; width: 300px; height: 250px;\" data-ad-client=\"ca-pub-1293345640336555\" data-ad-slot=\"9702925703\"><\/ins><br \/>\n<script>\n(adsbygoogle = window.adsbygoogle || []).push({});\n<\/script><\/center><\/p>\n<h2>Spowolnienie procesu starzenia si\u0119<\/h2>\n<p><img fetchpriority=\"high\" decoding=\"async\" class=\"\" src=\"https:\/\/encrypted-tbn0.gstatic.com\/images?q=tbn:ANd9GcR8oTRwfTVwu0_aFDaEO6WUhbh6IqO6dhEox2sd57IUcJhy8oVf_A\" alt=\"Resultado de imagen de rostro joven\" width=\"529\" height=\"296\" \/><\/p>\n<p>Utrzymanie m\u0142odzie\u0144czego wygl\u0105du twarzy nie jest zadaniem \u0142atwym, ale mo\u017cna to zrobi\u0107 poprzez spowolnienie procesu starzenia si\u0119 sk\u00f3ry i zmian w czaszce. Kiedy jeste\u015bmy m\u0142odzi, sk\u00f3ra jest bardzo g\u0142adka i wzbogacona o sk\u0142adniki takie jak elastyna czy kolagen. Ponadto t\u0142uszcz twarzy jest r\u00f3wnomiernie roz\u0142o\u017cony. Wraz z wiekiem sk\u00f3ra traci kolagen, a t\u0142uszcz traci obj\u0119to\u015b\u0107, st\u0105d sk\u00f3ra tonie.<\/p>\n<p><script async src=\"\/\/pagead2.googlesyndication.com\/pagead\/js\/adsbygoogle.js\"><\/script><br \/>\n<!-- encima slider --><br \/>\n<ins class=\"adsbygoogle\" style=\"display: inline-block; width: 728px; height: 90px;\" data-ad-client=\"ca-pub-1293345640336555\" data-ad-slot=\"8537205420\"><\/ins><br \/>\n<script>\n(adsbygoogle = window.adsbygoogle || []).push({});\n<\/script><br \/>\n<!--nextpage--><\/p>\n<p><center><script async src=\"\/\/pagead2.googlesyndication.com\/pagead\/js\/adsbygoogle.js\"><span data-mce-type=\"bookmark\" style=\"display: inline-block; width: 0px; overflow: hidden; line-height: 0;\" class=\"mce_SELRES_start\">\ufeff<\/span><span data-mce-type=\"bookmark\" style=\"display: inline-block; width: 0px; overflow: hidden; line-height: 0;\" class=\"mce_SELRES_start\">\ufeff<\/span><\/script><br \/>\n<!-- Bajo titulo --><br \/>\n<ins class=\"adsbygoogle\" style=\"display: inline-block; width: 300px; height: 250px;\" data-ad-client=\"ca-pub-1293345640336555\" data-ad-slot=\"9702925703\"><\/ins><br \/>\n<script>\n(adsbygoogle = window.adsbygoogle || []).push({});\n<\/script><\/center><\/p>\n<h2>Jak spowolni\u0107 proces starzenia si\u0119?<\/h2>\n<p><img decoding=\"async\" src=\"https:\/\/blog.oxfamintermon.org\/wp-content\/uploads\/2015\/07\/salud-726x365.jpg\" alt=\"Imagen relacionada\" \/><\/p>\n<p>Pod\u0105\u017canie za zdrowymi nawykami \u017cywieniowymi jest priorytetem. Jedz mniej cukru, poniewa\u017c przyspiesza proces starzenia si\u0119 i stawiaj wi\u0119cej na owoce i warzywa, aby unikn\u0105\u0107 uszkodzenia kom\u00f3rek. Musisz nawil\u017cy\u0107 sk\u00f3r\u0119 i nie uszkodzi\u0107 jej eksfoligantami i agresywnymi maskami, a tak\u017ce chroni\u0107 j\u0105 przed wiatrem, zimnem i s\u0142o\u0144cem.<\/p>\n<p>Je\u015bli chcemy spowolni\u0107 proces niszczenia ko\u015bci, musimy zadba\u0107 o hormony. Hormony tarczycy nasilaj\u0105 reabsorpcj\u0119, a estrogeny spowalniaj\u0105 ten proces. Witamina D, z drugiej strony, jest zdrowa, ale zbyt wiele mo\u017ce mie\u0107 wp\u0142yw na ko\u015bci. Z drugiej strony, niekt\u00f3re badania pokazuj\u0105, \u017ce zastrzyki z botoksu s\u0105 szkodliwe poprzez przyspieszenie procesu niszczenia ko\u015bci. To, co musisz zrobi\u0107, to znale\u017a\u0107 r\u00f3wnowag\u0119 i nie ma nic lepszego ni\u017c skorzystanie z pomocy endokrynologa.<br \/>\n<script async src=\"\/\/pagead2.googlesyndication.com\/pagead\/js\/adsbygoogle.js\"><\/script><br \/>\n<!-- encima slider --><br \/>\n<ins class=\"adsbygoogle\" style=\"display: inline-block; width: 728px; height: 90px;\" data-ad-client=\"ca-pub-1293345640336555\" data-ad-slot=\"8537205420\"><\/ins><br \/>\n<script>\n(adsbygoogle = window.adsbygoogle || []).push({});\n<\/script><\/p>\n","protected":false},"excerpt":{"rendered":"<p>Zdrowie naszej sk\u00f3ry zale\u017cy od wielu czynnik\u00f3w. Mo\u017cna u\u017cywa\u0107 produkt\u00f3w zawieraj\u0105cych witaminy C i E, a nawet kwasu hialuronowego, aby lepiej wygl\u0105da\u0107. Bardzo wa\u017cne jest jednak stosowanie produkt\u00f3w ochrony przeciws\u0142onecznej i spo\u017cywanie zdrowej \u017cywno\u015bci. Jednak nasza masa kostna zmienia si\u0119 w czasie i wp\u0142ywaj\u0105 na ni\u0105 zmiany hormonalne. Chcesz wiedzie\u0107, jak zmieniamy si\u0119 od 30 [&hellip;]<\/p>\n","protected":false},"author":4,"featured_media":5206,"comment_status":"open","ping_status":"open","sticky":false,"template":"","format":"standard","meta":{"footnotes":""},"categories":[1],"tags":[],"class_list":["post-5211","post","type-post","status-publish","format-standard","has-post-thumbnail","hentry","category-non-classe"],"_links":{"self":[{"href":"https:\/\/eldelperiodico.com\/index.php\/wp-json\/wp\/v2\/posts\/5211","targetHints":{"allow":["GET"]}}],"collection":[{"href":"https:\/\/eldelperiodico.com\/index.php\/wp-json\/wp\/v2\/posts"}],"about":[{"href":"https:\/\/eldelperiodico.com\/index.php\/wp-json\/wp\/v2\/types\/post"}],"author":[{"embeddable":true,"href":"https:\/\/eldelperiodico.com\/index.php\/wp-json\/wp\/v2\/users\/4"}],"replies":[{"embeddable":true,"href":"https:\/\/eldelperiodico.com\/index.php\/wp-json\/wp\/v2\/comments?post=5211"}],"version-history":[{"count":2,"href":"https:\/\/eldelperiodico.com\/index.php\/wp-json\/wp\/v2\/posts\/5211\/revisions"}],"predecessor-version":[{"id":5215,"href":"https:\/\/eldelperiodico.com\/index.php\/wp-json\/wp\/v2\/posts\/5211\/revisions\/5215"}],"wp:featuredmedia":[{"embeddable":true,"href":"https:\/\/eldelperiodico.com\/index.php\/wp-json\/wp\/v2\/media\/5206"}],"wp:attachment":[{"href":"https:\/\/eldelperiodico.com\/index.php\/wp-json\/wp\/v2\/media?parent=5211"}],"wp:term":[{"taxonomy":"category","embeddable":true,"href":"https:\/\/eldelperiodico.com\/index.php\/wp-json\/wp\/v2\/categories?post=5211"},{"taxonomy":"post_tag","embeddable":true,"href":"https:\/\/eldelperiodico.com\/index.php\/wp-json\/wp\/v2\/tags?post=5211"}],"curies":[{"name":"wp","href":"https:\/\/api.w.org\/{rel}","templated":true}]}}